{"id":9589,"date":"2018-05-30T13:17:47","date_gmt":"2018-05-30T11:17:47","guid":{"rendered":"https:\/\/lalinea.salesianos.edu\/colegio\/pregon-juvenil\/"},"modified":"2025-08-04T10:48:13","modified_gmt":"2025-08-04T08:48:13","slug":"pregon-juvenil","status":"publish","type":"post","link":"https:\/\/lalinea.salesianos.edu\/colegio\/pregon-juvenil\/","title":{"rendered":"Preg\u00f3n Juvenil"},"content":{"rendered":"<p>[et_pb_section bb_built=\u00bb1&#8243; admin_label=\u00bbsection\u00bb][et_pb_row admin_label=\u00bbrow\u00bb background_position=\u00bbtop_left\u00bb background_repeat=\u00bbrepeat\u00bb background_size=\u00bbinitial\u00bb][et_pb_column type=\u00bb4_4&#8243;][et_pb_text admin_label=\u00bbEntradilla (Texto)\u00bb _builder_version=\u00bb3.0.105&#8243; background_layout=\u00bblight\u00bb text_orientation=\u00bbjustified\u00bb text_font=\u00bb|on|||\u00bb border_style=\u00bbsolid\u00bb]<\/p>\n<p>&nbsp;<\/p>\n<p><strong>XI PREG\u00d3N JUVENIL <\/strong><\/p>\n<p>Buenos d\u00edas, Hoy 22 de Mayo de 2018 es un d\u00eda muy especial para nuestra casa Salesiana, pero sobre todo para nuestra compa\u00f1era Gema, pregonera de este a\u00f1o.<\/p>\n<p>Uno de sus sue\u00f1os antes de marcharse del colegio era poder pregonar a Mar\u00eda Auxiliadora y por fin hoy su sue\u00f1o se har\u00e1 realidad, y qu\u00e9 mejor representante de los alumnos que ella. Alumnos de esta casa Salesiana que ha ocupado el coraz\u00f3n de nuestra compa\u00f1era Gema y el nuestro por la presencia de nuestra madre.<\/p>\n<p>Gema es una de las alumnas m\u00e1s antiguas de nuestra promoci\u00f3n al igual que la mayor\u00eda de nosotros. Desde los tres a\u00f1os lleva cantando el himno \u201cRendidos a tus plantas\u201d con toda su ilusi\u00f3n y entusiasmo.<\/p>\n<p>Ya desde ni\u00f1a empez\u00f3 a salir de mantilla en la Mini procesi\u00f3n de Infantil y en pocos d\u00edas volver\u00e1 a cumplir su promesa.<\/p>\n<p>Aunque \u00e9ste sea tu \u00faltimo 24 de Mayo aqu\u00ed, recuerda, ella siempre estar\u00e1 acompa\u00f1\u00e1ndote a ti y a tus seres queridos. Tus presentadoras, compa\u00f1eras y amigas: Paola, Malena y yo, Lucia. Sabemos que lo har\u00e1s con mucho amor y cari\u00f1o. Y ahora te toca a ti, disfruta de este momento que ser\u00e1 inolvidable para ti y para todos nosotros. Aqu\u00ed estamos contigo, te queremos. Suerte y adelante.<\/p>\n<p>[\/et_pb_text][et_pb_text admin_label=\u00bbAutor (Texto)\u00bb _builder_version=\u00bb3.0.105&#8243; background_layout=\u00bblight\u00bb text_font=\u00bb||on||\u00bb border_style=\u00bbsolid\u00bb]<\/p>\n<p>Por Gema Flores<\/p>\n<p>[\/et_pb_text][et_pb_text admin_label=\u00bbDesarrollo (Texto)\u00bb _builder_version=\u00bb3.0.105&#8243; background_layout=\u00bblight\u00bb text_orientation=\u00bbjustified\u00bb border_style=\u00bbsolid\u00bb]<\/p>\n<p><strong>PREG\u00d3N JUVENIL\u00a0<\/strong><\/p>\n<p>Por fin lleg\u00f3 Mayo, bonito mes, decir Mayo es decir Auxiliadora, y decir Auxiliadora es decir devoci\u00f3n.<\/p>\n<p>Esa devoci\u00f3n que desde ni\u00f1a yo tengo a nuestra madre y que con palabras voy a intentar pregonar.<\/p>\n<p>Mi historia empez\u00f3 con tan solo 3 a\u00f1itos, cuando mis padres decidieron que siguiera este camino a parte de la educaci\u00f3n, el de la Fe.<\/p>\n<p>Desde peque\u00f1a me ense\u00f1aron que nuestra madre se llama Mar\u00eda Auxiliadora, es por eso que todos los 24 de mayo era su d\u00eda.<\/p>\n<p>Con aquella edad: juegos, recreos, tiempo libre, risas y diversi\u00f3n, llenaban mi vida, pero ella siempre estaba ah\u00ed.<\/p>\n<p>Fueron pasando los a\u00f1os y cada vez iba notando que mi cari\u00f1o iba creciendo m\u00e1s y m\u00e1s, era mirarla y sentir algo especial, esa mirada de madre, amiga, compa\u00f1era&#8230; siempre supervisando cada paso que yo daba.<\/p>\n<p>\u00bfTe acuerdas de ese d\u00eda madre? Mi primera comuni\u00f3n. Qu\u00e9 ilusi\u00f3n, era un d\u00eda tan esperado, fueron dos a\u00f1os prepar\u00e1ndonos junto a ti para por primera vez tomar la forma, algo que no sabemos qu\u00e9 significa realmente hasta que llega ese momento, tomar el pan, tomar a Dios.<\/p>\n<p>El tiempo pasaba y t\u00fa ah\u00ed.<\/p>\n<p>Llegas a una edad, a un momento de tu vida que ya t\u00fa eres el marinero de tu propio tim\u00f3n, vas decidiendo qu\u00e9 pasos seguir. Yo apost\u00e9 por este y seguir con los pasos que desde peque\u00f1a me ense\u00f1aron y es seguir junto a ti madre.<\/p>\n<p>Porque fui descubriendo que poco a poco t\u00fa ten\u00edas que formar parte de mi vida y caminando siempre de la mano.<\/p>\n<p>No tengo palabras para definir mi sentimiento hacia ella porque todo se queda corto. Es un sentimiento que no se puede escribir, ni decir ni si quiera explicar pero con s\u00f3lo mirarla las palabras salen por s\u00ed solas.<\/p>\n<p>Ella es esa luz blanca que alumbra mis malos d\u00edas,<\/p>\n<p>La flor m\u00e1s hermosa de mi jard\u00edn,<\/p>\n<p>Esa estrella m\u00e1s bonita y brillante de mi cielo,<\/p>\n<p>Mi protectora que con su manto me libra de todo lo malo y la que mientras yo busco la senda ella es mi gu\u00eda.<\/p>\n<p>No se si fue destino o casualidad pero en mi vida apareciste y bendito el d\u00eda.<\/p>\n<p>Muchos se dir\u00e1n como puede tener tanta fe y devoci\u00f3n. Y para eso solo hay tres palabras <strong>CREER EN ELLA<\/strong>. Saber que est\u00e1 a t\u00fa lado en cada gesto, cada d\u00eda, no s\u00f3lo aqu\u00ed en su casa, sino en nuestra clase, en el centro juvenil, en nuestras excursiones, en nuestras quedadas, en las risas y l\u00e1grimas, ella siempre de la mano.<\/p>\n<p>Porque cuando menos te lo esperas y cuando m\u00e1s la necesitamos ella siempre est\u00e1 aqu\u00ed entre nosotros y protegi\u00e9ndonos de todo lo malo.<\/p>\n<p>Porque yo no cre\u00eda en los milagros y ella hizo que volviera a nacer.<\/p>\n<p>Porque fue ella la que estuvo ah\u00ed, la que gracias a su llamada los ojos abr\u00ed y si, es verdad, los milagros existen.<\/p>\n<p>Cuando no estoy cerca de ti madre siento que algo me falta. igual que los pajaritos est\u00e1n triste cuando el cielo est\u00e1 nublado, o las flores no brillan igual sin el rayo de sol, pues a mi me pasa lo mismo, si no estoy a tu lado.<\/p>\n<p>Madre, eres ternura, eres una flor blanca y preciosa llena de olor, Si, se\u00f1ora, ven a mi y c\u00fabreme con tu manto lleno de amor, Mu\u00e9strame el camino y hazme sentir tu protecci\u00f3n.<\/p>\n<p>Virgen Mar\u00eda Auxiliadora, dulce mujer de ojos misericordiosos,<\/p>\n<p>v\u00edsteme con la belleza de tu humildad y tu paciencia.<\/p>\n<p>Reg\u00e1lame cada d\u00eda la fe que alimenta tu nombre.<\/p>\n<p>Hoy en tu d\u00eda dame t\u00fa luz.<\/p>\n<p>Madre y reina de los cristianos.<\/p>\n<p>Que orgullosos acudimos a ti,<\/p>\n<p>Gu\u00edanos, prot\u00e9genos y advi\u00e9rtenos de los peligros.<\/p>\n<p>Dame tu mirada del camino correcto<\/p>\n<p>Y ens\u00e9\u00f1ame a amar como lo haces t\u00fa.<\/p>\n<p>No se Cantarte pero mi coraz\u00f3n te reza,<\/p>\n<p>No se volar pero mi alma se arrodilla ante ti.<\/p>\n<p>D\u00e9jales mirarte como yo te miro a ti,<\/p>\n<p>d\u00e9jalos acompa\u00f1arte como cuando yo estoy junto a ti,<\/p>\n<p>d\u00e9jalos sentir lo que yo siento 365 d\u00edas del a\u00f1o cuando estoy cerca de ti.<\/p>\n<p>D\u00e9jalos quererte como yo te quiero a ti.<\/p>\n<p>Y lleg\u00f3 el d\u00eda, ese d\u00eda que tanto esperaba y que con tantos nervios no llegaba, nada m\u00e1s y nada menos que encargarme del preg\u00f3n de nuestra madre Mar\u00eda Auxiliadora. Qu\u00e9 orgullo m\u00e1s grande para m\u00ed.<\/p>\n<p>Mar\u00eda de mi ni\u00f1ez, reina de mi devoci\u00f3n, hoy he vuelto junto a ti pero este a\u00f1o para entregarte mi preg\u00f3n.<\/p>\n<p>13 a\u00f1os, 13 Mayos, 13 primaveras sin faltar ante a ti, cada 24 de mayo estoy aqu\u00ed. Despu\u00e9s de 13 a\u00f1os madre hoy 22 de mayo me pongo frente a ti para decirte todo lo que significas para mi.<\/p>\n<p>\u00daltimo a\u00f1o aqu\u00ed despu\u00e9s de tanto vivido buenos y malos momentos aqu\u00ed, esto se est\u00e1 acabando se\u00f1ores est\u00e1 preciosa historia, pero no tiene fin. Porque cada momento que pueda, cada 24 de mayo que sea posible aqu\u00ed estar\u00e9, para mirarte, para adorarte y escucharte. Y junto a ti celebrar tu d\u00eda. Ese d\u00eda que tanto se espera, ese mes que cambia todo el a\u00f1o, ver como todo se llena de flores por ti, ver como todos nos ilusionamos y alegramos para ti. Porque para nosotros madre la primavera comienza contigo, con tu mes, con esos colores azul y rosa en los lugares, con ese sol y ese bonito aire. Faltar\u00edan horas para decirte todo lo que eres para mi, pero para acabar este preg\u00f3n gracias por confiar en mi, gracias por mirarme aquella primera vez y gracias por la persona que me haces ser.<\/p>\n<p>Madre cu\u00eddame, ay\u00fadame y prot\u00e9geme que aunque me vaya de est\u00e1 casa Salesiana siempre junto a ti yo estar\u00e9<\/p>\n<p>[\/et_pb_text][et_pb_video _builder_version=\u00bb3.0.105&#8243; src=\u00bbhttps:\/\/www.youtube.com\/watch?v=xXhGnW0FvXU&amp;t=16s\u00bb \/][et_pb_text admin_label=\u00bbT\u00edtulo: Galer\u00eda de fotos (Texto)\u00bb _builder_version=\u00bb3.0.51&#8243; background_layout=\u00bblight\u00bb text_orientation=\u00bbleft\u00bb text_font=\u00bb|on|||\u00bb text_text_color=\u00bb#dc001b\u00bb border_style=\u00bbsolid\u00bb disabled=\u00bbon\u00bb disabled_on=\u00bbon|on|on\u00bb]<\/p>\n<p>Galer\u00eda de im\u00e1genes<\/p>\n<p>[\/et_pb_text][et_pb_gallery _builder_version=\u00bb3.0.51&#8243; posts_number=\u00bb8&#8243; show_title_and_caption=\u00bboff\u00bb show_pagination=\u00bbon\u00bb fullwidth=\u00bboff\u00bb orientation=\u00bblandscape\u00bb zoom_icon_color=\u00bb#dc001b\u00bb hover_overlay_color=\u00bbrgba(255,255,255,0.9)\u00bb hover_icon=\u00bb%%51%%\u00bb background_layout=\u00bblight\u00bb border_style=\u00bbsolid\u00bb auto=\u00bboff\u00bb disabled=\u00bbon\u00bb disabled_on=\u00bbon|on|on\u00bb \/][et_pb_video _builder_version=\u00bb3.0.105&#8243; disabled=\u00bbon\u00bb disabled_on=\u00bbon|on|on\u00bb \/][\/et_pb_column][\/et_pb_row][\/et_pb_section]<\/p>\n","protected":false},"excerpt":{"rendered":"<p>&nbsp; XI PREG\u00d3N JUVENIL Buenos d\u00edas, Hoy 22 de Mayo de 2018 es un d\u00eda muy especial para nuestra casa Salesiana, pero sobre todo para nuestra compa\u00f1era Gema, pregonera de este a\u00f1o. Uno de sus sue\u00f1os antes de marcharse del colegio era poder pregonar a Mar\u00eda Auxiliadora y por fin hoy su sue\u00f1o se har\u00e1 [&hellip;]<\/p>\n","protected":false},"author":2,"featured_media":9590,"comment_status":"closed","ping_status":"open","sticky":false,"template":"","format":"standard","meta":{"_et_pb_use_builder":"on","_et_pb_old_content":"","_et_gb_content_width":"","footnotes":""},"categories":[19,12,13],"tags":[],"class_list":["post-9589","post","type-post","status-publish","format-standard","has-post-thumbnail","hentry","category-capilla","category-colegio","category-portada"],"yoast_head":"<!-- This site is optimized with the Yoast SEO plugin v28.3 - https:\/\/yoast.com\/product\/yoast-seo-wordpress\/ -->\n<title>Preg\u00f3n Juvenil - Colegio<\/title>\n<meta name=\"robots\" content=\"index, follow, max-snippet:-1, max-image-preview:large, max-video-preview:-1\" \/>\n<link rel=\"canonical\" href=\"https:\/\/lalinea.salesianos.edu\/colegio\/pregon-juvenil\/\" \/>\n<meta property=\"og:locale\" content=\"es_ES\" \/>\n<meta property=\"og:type\" content=\"article\" \/>\n<meta property=\"og:title\" content=\"Preg\u00f3n Juvenil - Colegio\" \/>\n<meta property=\"og:description\" content=\"&nbsp; XI PREG\u00d3N JUVENIL Buenos d\u00edas, Hoy 22 de Mayo de 2018 es un d\u00eda muy especial para nuestra casa Salesiana, pero sobre todo para nuestra compa\u00f1era Gema, pregonera de este a\u00f1o. Uno de sus sue\u00f1os antes de marcharse del colegio era poder pregonar a Mar\u00eda Auxiliadora y por fin hoy su sue\u00f1o se har\u00e1 [&hellip;]\" \/>\n<meta property=\"og:url\" content=\"https:\/\/lalinea.salesianos.edu\/colegio\/pregon-juvenil\/\" \/>\n<meta property=\"og:site_name\" content=\"Colegio\" \/>\n<meta property=\"article:published_time\" content=\"2018-05-30T11:17:47+00:00\" \/>\n<meta property=\"article:modified_time\" content=\"2025-08-04T08:48:13+00:00\" \/>\n<meta property=\"og:image\" content=\"https:\/\/lalinea.salesianos.edu\/colegio\/wp-content\/uploads\/sites\/2\/2018\/05\/IMG_3072.jpg\" \/>\n\t<meta property=\"og:image:width\" content=\"1920\" \/>\n\t<meta property=\"og:image:height\" content=\"1080\" \/>\n\t<meta property=\"og:image:type\" content=\"image\/jpeg\" \/>\n<meta name=\"author\" content=\"Gestor Web\" \/>\n<meta name=\"twitter:card\" content=\"summary_large_image\" \/>\n<meta name=\"twitter:label1\" content=\"Escrito por\" \/>\n\t<meta name=\"twitter:data1\" content=\"Gestor Web\" \/>\n\t<meta name=\"twitter:label2\" content=\"Tiempo de lectura\" \/>\n\t<meta name=\"twitter:data2\" content=\"7 minutos\" \/>\n<script type=\"application\/ld+json\" class=\"yoast-schema-graph\">{\"@context\":\"https:\\\/\\\/schema.org\",\"@graph\":[{\"@type\":\"Article\",\"@id\":\"https:\\\/\\\/lalinea.salesianos.edu\\\/colegio\\\/pregon-juvenil\\\/#article\",\"isPartOf\":{\"@id\":\"https:\\\/\\\/lalinea.salesianos.edu\\\/colegio\\\/pregon-juvenil\\\/\"},\"author\":{\"name\":\"Gestor Web\",\"@id\":\"https:\\\/\\\/lalinea.salesianos.edu\\\/colegio\\\/#\\\/schema\\\/person\\\/ef1b42905476b83ae7c0566bc6342cf4\"},\"headline\":\"Preg\u00f3n Juvenil\",\"datePublished\":\"2018-05-30T11:17:47+00:00\",\"dateModified\":\"2025-08-04T08:48:13+00:00\",\"mainEntityOfPage\":{\"@id\":\"https:\\\/\\\/lalinea.salesianos.edu\\\/colegio\\\/pregon-juvenil\\\/\"},\"wordCount\":1488,\"image\":{\"@id\":\"https:\\\/\\\/lalinea.salesianos.edu\\\/colegio\\\/pregon-juvenil\\\/#primaryimage\"},\"thumbnailUrl\":\"https:\\\/\\\/lalinea.salesianos.edu\\\/colegio\\\/wp-content\\\/uploads\\\/sites\\\/2\\\/2018\\\/05\\\/IMG_3072.jpg\",\"articleSection\":[\"Capilla\",\"Colegio\",\"Portada\"],\"inLanguage\":\"es\"},{\"@type\":\"WebPage\",\"@id\":\"https:\\\/\\\/lalinea.salesianos.edu\\\/colegio\\\/pregon-juvenil\\\/\",\"url\":\"https:\\\/\\\/lalinea.salesianos.edu\\\/colegio\\\/pregon-juvenil\\\/\",\"name\":\"Preg\u00f3n Juvenil - Colegio\",\"isPartOf\":{\"@id\":\"https:\\\/\\\/lalinea.salesianos.edu\\\/colegio\\\/#website\"},\"primaryImageOfPage\":{\"@id\":\"https:\\\/\\\/lalinea.salesianos.edu\\\/colegio\\\/pregon-juvenil\\\/#primaryimage\"},\"image\":{\"@id\":\"https:\\\/\\\/lalinea.salesianos.edu\\\/colegio\\\/pregon-juvenil\\\/#primaryimage\"},\"thumbnailUrl\":\"https:\\\/\\\/lalinea.salesianos.edu\\\/colegio\\\/wp-content\\\/uploads\\\/sites\\\/2\\\/2018\\\/05\\\/IMG_3072.jpg\",\"datePublished\":\"2018-05-30T11:17:47+00:00\",\"dateModified\":\"2025-08-04T08:48:13+00:00\",\"author\":{\"@id\":\"https:\\\/\\\/lalinea.salesianos.edu\\\/colegio\\\/#\\\/schema\\\/person\\\/ef1b42905476b83ae7c0566bc6342cf4\"},\"breadcrumb\":{\"@id\":\"https:\\\/\\\/lalinea.salesianos.edu\\\/colegio\\\/pregon-juvenil\\\/#breadcrumb\"},\"inLanguage\":\"es\",\"potentialAction\":[{\"@type\":\"ReadAction\",\"target\":[\"https:\\\/\\\/lalinea.salesianos.edu\\\/colegio\\\/pregon-juvenil\\\/\"]}]},{\"@type\":\"ImageObject\",\"inLanguage\":\"es\",\"@id\":\"https:\\\/\\\/lalinea.salesianos.edu\\\/colegio\\\/pregon-juvenil\\\/#primaryimage\",\"url\":\"https:\\\/\\\/lalinea.salesianos.edu\\\/colegio\\\/wp-content\\\/uploads\\\/sites\\\/2\\\/2018\\\/05\\\/IMG_3072.jpg\",\"contentUrl\":\"https:\\\/\\\/lalinea.salesianos.edu\\\/colegio\\\/wp-content\\\/uploads\\\/sites\\\/2\\\/2018\\\/05\\\/IMG_3072.jpg\",\"width\":1920,\"height\":1080},{\"@type\":\"BreadcrumbList\",\"@id\":\"https:\\\/\\\/lalinea.salesianos.edu\\\/colegio\\\/pregon-juvenil\\\/#breadcrumb\",\"itemListElement\":[{\"@type\":\"ListItem\",\"position\":1,\"name\":\"Portada\",\"item\":\"https:\\\/\\\/lalinea.salesianos.edu\\\/colegio\\\/\"},{\"@type\":\"ListItem\",\"position\":2,\"name\":\"Preg\u00f3n Juvenil\"}]},{\"@type\":\"WebSite\",\"@id\":\"https:\\\/\\\/lalinea.salesianos.edu\\\/colegio\\\/#website\",\"url\":\"https:\\\/\\\/lalinea.salesianos.edu\\\/colegio\\\/\",\"name\":\"Colegio\",\"description\":\"P\u00e1gina oficial Salesianos La L\u00ednea de la Concepci\u00f3n\",\"potentialAction\":[{\"@type\":\"SearchAction\",\"target\":{\"@type\":\"EntryPoint\",\"urlTemplate\":\"https:\\\/\\\/lalinea.salesianos.edu\\\/colegio\\\/?s={search_term_string}\"},\"query-input\":{\"@type\":\"PropertyValueSpecification\",\"valueRequired\":true,\"valueName\":\"search_term_string\"}}],\"inLanguage\":\"es\"},{\"@type\":\"Person\",\"@id\":\"https:\\\/\\\/lalinea.salesianos.edu\\\/colegio\\\/#\\\/schema\\\/person\\\/ef1b42905476b83ae7c0566bc6342cf4\",\"name\":\"Gestor Web\",\"image\":{\"@type\":\"ImageObject\",\"inLanguage\":\"es\",\"@id\":\"https:\\\/\\\/secure.gravatar.com\\\/avatar\\\/ae039c67a6e621564e1a6017ea99fd2d0f7377fb0341a51700c9f4546151a38e?s=96&d=mm&r=g\",\"url\":\"https:\\\/\\\/secure.gravatar.com\\\/avatar\\\/ae039c67a6e621564e1a6017ea99fd2d0f7377fb0341a51700c9f4546151a38e?s=96&d=mm&r=g\",\"contentUrl\":\"https:\\\/\\\/secure.gravatar.com\\\/avatar\\\/ae039c67a6e621564e1a6017ea99fd2d0f7377fb0341a51700c9f4546151a38e?s=96&d=mm&r=g\",\"caption\":\"Gestor Web\"}}]}<\/script>\n<!-- \/ Yoast SEO plugin. -->","yoast_head_json":{"title":"Preg\u00f3n Juvenil - Colegio","robots":{"index":"index","follow":"follow","max-snippet":"max-snippet:-1","max-image-preview":"max-image-preview:large","max-video-preview":"max-video-preview:-1"},"canonical":"https:\/\/lalinea.salesianos.edu\/colegio\/pregon-juvenil\/","og_locale":"es_ES","og_type":"article","og_title":"Preg\u00f3n Juvenil - Colegio","og_description":"&nbsp; XI PREG\u00d3N JUVENIL Buenos d\u00edas, Hoy 22 de Mayo de 2018 es un d\u00eda muy especial para nuestra casa Salesiana, pero sobre todo para nuestra compa\u00f1era Gema, pregonera de este a\u00f1o. Uno de sus sue\u00f1os antes de marcharse del colegio era poder pregonar a Mar\u00eda Auxiliadora y por fin hoy su sue\u00f1o se har\u00e1 [&hellip;]","og_url":"https:\/\/lalinea.salesianos.edu\/colegio\/pregon-juvenil\/","og_site_name":"Colegio","article_published_time":"2018-05-30T11:17:47+00:00","article_modified_time":"2025-08-04T08:48:13+00:00","og_image":[{"width":1920,"height":1080,"url":"https:\/\/lalinea.salesianos.edu\/colegio\/wp-content\/uploads\/sites\/2\/2018\/05\/IMG_3072.jpg","type":"image\/jpeg"}],"author":"Gestor Web","twitter_card":"summary_large_image","twitter_misc":{"Escrito por":"Gestor Web","Tiempo de lectura":"7 minutos"},"schema":{"@context":"https:\/\/schema.org","@graph":[{"@type":"Article","@id":"https:\/\/lalinea.salesianos.edu\/colegio\/pregon-juvenil\/#article","isPartOf":{"@id":"https:\/\/lalinea.salesianos.edu\/colegio\/pregon-juvenil\/"},"author":{"name":"Gestor Web","@id":"https:\/\/lalinea.salesianos.edu\/colegio\/#\/schema\/person\/ef1b42905476b83ae7c0566bc6342cf4"},"headline":"Preg\u00f3n Juvenil","datePublished":"2018-05-30T11:17:47+00:00","dateModified":"2025-08-04T08:48:13+00:00","mainEntityOfPage":{"@id":"https:\/\/lalinea.salesianos.edu\/colegio\/pregon-juvenil\/"},"wordCount":1488,"image":{"@id":"https:\/\/lalinea.salesianos.edu\/colegio\/pregon-juvenil\/#primaryimage"},"thumbnailUrl":"https:\/\/lalinea.salesianos.edu\/colegio\/wp-content\/uploads\/sites\/2\/2018\/05\/IMG_3072.jpg","articleSection":["Capilla","Colegio","Portada"],"inLanguage":"es"},{"@type":"WebPage","@id":"https:\/\/lalinea.salesianos.edu\/colegio\/pregon-juvenil\/","url":"https:\/\/lalinea.salesianos.edu\/colegio\/pregon-juvenil\/","name":"Preg\u00f3n Juvenil - Colegio","isPartOf":{"@id":"https:\/\/lalinea.salesianos.edu\/colegio\/#website"},"primaryImageOfPage":{"@id":"https:\/\/lalinea.salesianos.edu\/colegio\/pregon-juvenil\/#primaryimage"},"image":{"@id":"https:\/\/lalinea.salesianos.edu\/colegio\/pregon-juvenil\/#primaryimage"},"thumbnailUrl":"https:\/\/lalinea.salesianos.edu\/colegio\/wp-content\/uploads\/sites\/2\/2018\/05\/IMG_3072.jpg","datePublished":"2018-05-30T11:17:47+00:00","dateModified":"2025-08-04T08:48:13+00:00","author":{"@id":"https:\/\/lalinea.salesianos.edu\/colegio\/#\/schema\/person\/ef1b42905476b83ae7c0566bc6342cf4"},"breadcrumb":{"@id":"https:\/\/lalinea.salesianos.edu\/colegio\/pregon-juvenil\/#breadcrumb"},"inLanguage":"es","potentialAction":[{"@type":"ReadAction","target":["https:\/\/lalinea.salesianos.edu\/colegio\/pregon-juvenil\/"]}]},{"@type":"ImageObject","inLanguage":"es","@id":"https:\/\/lalinea.salesianos.edu\/colegio\/pregon-juvenil\/#primaryimage","url":"https:\/\/lalinea.salesianos.edu\/colegio\/wp-content\/uploads\/sites\/2\/2018\/05\/IMG_3072.jpg","contentUrl":"https:\/\/lalinea.salesianos.edu\/colegio\/wp-content\/uploads\/sites\/2\/2018\/05\/IMG_3072.jpg","width":1920,"height":1080},{"@type":"BreadcrumbList","@id":"https:\/\/lalinea.salesianos.edu\/colegio\/pregon-juvenil\/#breadcrumb","itemListElement":[{"@type":"ListItem","position":1,"name":"Portada","item":"https:\/\/lalinea.salesianos.edu\/colegio\/"},{"@type":"ListItem","position":2,"name":"Preg\u00f3n Juvenil"}]},{"@type":"WebSite","@id":"https:\/\/lalinea.salesianos.edu\/colegio\/#website","url":"https:\/\/lalinea.salesianos.edu\/colegio\/","name":"Colegio","description":"P\u00e1gina oficial Salesianos La L\u00ednea de la Concepci\u00f3n","potentialAction":[{"@type":"SearchAction","target":{"@type":"EntryPoint","urlTemplate":"https:\/\/lalinea.salesianos.edu\/colegio\/?s={search_term_string}"},"query-input":{"@type":"PropertyValueSpecification","valueRequired":true,"valueName":"search_term_string"}}],"inLanguage":"es"},{"@type":"Person","@id":"https:\/\/lalinea.salesianos.edu\/colegio\/#\/schema\/person\/ef1b42905476b83ae7c0566bc6342cf4","name":"Gestor Web","image":{"@type":"ImageObject","inLanguage":"es","@id":"https:\/\/secure.gravatar.com\/avatar\/ae039c67a6e621564e1a6017ea99fd2d0f7377fb0341a51700c9f4546151a38e?s=96&d=mm&r=g","url":"https:\/\/secure.gravatar.com\/avatar\/ae039c67a6e621564e1a6017ea99fd2d0f7377fb0341a51700c9f4546151a38e?s=96&d=mm&r=g","contentUrl":"https:\/\/secure.gravatar.com\/avatar\/ae039c67a6e621564e1a6017ea99fd2d0f7377fb0341a51700c9f4546151a38e?s=96&d=mm&r=g","caption":"Gestor Web"}}]}},"_links":{"self":[{"href":"https:\/\/lalinea.salesianos.edu\/colegio\/wp-json\/wp\/v2\/posts\/9589","targetHints":{"allow":["GET"]}}],"collection":[{"href":"https:\/\/lalinea.salesianos.edu\/colegio\/wp-json\/wp\/v2\/posts"}],"about":[{"href":"https:\/\/lalinea.salesianos.edu\/colegio\/wp-json\/wp\/v2\/types\/post"}],"author":[{"embeddable":true,"href":"https:\/\/lalinea.salesianos.edu\/colegio\/wp-json\/wp\/v2\/users\/2"}],"replies":[{"embeddable":true,"href":"https:\/\/lalinea.salesianos.edu\/colegio\/wp-json\/wp\/v2\/comments?post=9589"}],"version-history":[{"count":1,"href":"https:\/\/lalinea.salesianos.edu\/colegio\/wp-json\/wp\/v2\/posts\/9589\/revisions"}],"predecessor-version":[{"id":9591,"href":"https:\/\/lalinea.salesianos.edu\/colegio\/wp-json\/wp\/v2\/posts\/9589\/revisions\/9591"}],"wp:featuredmedia":[{"embeddable":true,"href":"https:\/\/lalinea.salesianos.edu\/colegio\/wp-json\/wp\/v2\/media\/9590"}],"wp:attachment":[{"href":"https:\/\/lalinea.salesianos.edu\/colegio\/wp-json\/wp\/v2\/media?parent=9589"}],"wp:term":[{"taxonomy":"category","embeddable":true,"href":"https:\/\/lalinea.salesianos.edu\/colegio\/wp-json\/wp\/v2\/categories?post=9589"},{"taxonomy":"post_tag","embeddable":true,"href":"https:\/\/lalinea.salesianos.edu\/colegio\/wp-json\/wp\/v2\/tags?post=9589"}],"curies":[{"name":"wp","href":"https:\/\/api.w.org\/{rel}","templated":true}]}}